{"id":11285,"date":"2023-09-25T15:14:02","date_gmt":"2023-09-25T13:14:02","guid":{"rendered":"https:\/\/www.champagne-lecompte.fr\/?p=11285"},"modified":"2023-09-25T15:14:02","modified_gmt":"2023-09-25T13:14:02","slug":"deux-cuvees-selectionnees-dans-le-guide-hachette-des-vins-2024","status":"publish","type":"post","link":"https:\/\/www.champagne-lecompte.fr\/fr\/actualites\/deux-cuvees-selectionnees-dans-le-guide-hachette-des-vins-2024\/","title":{"rendered":"Deux cuv\u00e9es s\u00e9lectionn\u00e9es dans le guide Hachette des Vins 2024"},"content":{"rendered":"<p>Le Champagne Fran\u00e7ois Lecompte s\u00e9lectionn\u00e9 avec 2 cuv\u00e9es dans le Guide hachette des Vins 2024\u00a0!<\/p>\n<p>Le guide hachette des Vins 2024 vient de para\u00eetre avec deux champagnes Fran\u00e7ois Lecompte s\u00e9lectionn\u00e9s\u00a0:<\/p>\n<p><strong>Le Brut Mill\u00e9sime 2015<\/strong><\/p>\n<p>Commentaire du Guide\u00a0:<\/p>\n<p>Ce Brut Mill\u00e9sime en robe dor\u00e9e marie le Chardonnay (40 %) aux deux pinots \u00e0 parit\u00e9. Les nuances suaves de fruits jaunes bien m\u00fbrs et de guimauve qui enrichissent sa palette florale et brioch\u00e9e ainsi que son ampleur gourmande refl\u00e8tent un Mill\u00e9sime solaire.<\/p>\n<p><strong>La Cuv\u00e9e Blanc de Meuniers\u00a0:<\/strong><\/p>\n<p>Commentaire du guide\u00a0:<\/p>\n<p>Puissant et rond, abricot\u00e9, brioch\u00e9 et vanill\u00e9, un blanc de Noirs \u00e9lev\u00e9 sous bois.<\/p>\n","protected":false},"excerpt":{"rendered":"<p>Le Champagne Fran\u00e7ois Lecompte s\u00e9lectionn\u00e9 avec 2 cuv\u00e9es dans le Guide hachette des Vins 2024\u00a0! Le guide hachette des Vins 2024 vient de para\u00eetre avec deux champagnes&#8230;<\/p>\n","protected":false},"author":2,"featured_media":11286,"comment_status":"open","ping_status":"open","sticky":false,"template":"","format":"standard","meta":[],"categories":[1],"tags":[],"_links":{"self":[{"href":"https:\/\/www.champagne-lecompte.fr\/fr\/wp-json\/wp\/v2\/posts\/11285"}],"collection":[{"href":"https:\/\/www.champagne-lecompte.fr\/fr\/wp-json\/wp\/v2\/posts"}],"about":[{"href":"https:\/\/www.champagne-lecompte.fr\/fr\/wp-json\/wp\/v2\/types\/post"}],"author":[{"embeddable":true,"href":"https:\/\/www.champagne-lecompte.fr\/fr\/wp-json\/wp\/v2\/users\/2"}],"replies":[{"embeddable":true,"href":"https:\/\/www.champagne-lecompte.fr\/fr\/wp-json\/wp\/v2\/comments?post=11285"}],"version-history":[{"count":1,"href":"https:\/\/www.champagne-lecompte.fr\/fr\/wp-json\/wp\/v2\/posts\/11285\/revisions"}],"predecessor-version":[{"id":11288,"href":"https:\/\/www.champagne-lecompte.fr\/fr\/wp-json\/wp\/v2\/posts\/11285\/revisions\/11288"}],"wp:featuredmedia":[{"embeddable":true,"href":"https:\/\/www.champagne-lecompte.fr\/fr\/wp-json\/wp\/v2\/media\/11286"}],"wp:attachment":[{"href":"https:\/\/www.champagne-lecompte.fr\/fr\/wp-json\/wp\/v2\/media?parent=11285"}],"wp:term":[{"taxonomy":"category","embeddable":true,"href":"https:\/\/www.champagne-lecompte.fr\/fr\/wp-json\/wp\/v2\/categories?post=11285"},{"taxonomy":"post_tag","embeddable":true,"href":"https:\/\/www.champagne-lecompte.fr\/fr\/wp-json\/wp\/v2\/tags?post=11285"}],"curies":[{"name":"wp","href":"https:\/\/api.w.org\/{rel}","templated":true}]}}